{"id":1,"date":"2019-05-08T16:46:25","date_gmt":"2019-05-08T14:46:25","guid":{"rendered":"https:\/\/www.sotracom.fr\/it\/?p=1"},"modified":"2019-09-30T16:14:37","modified_gmt":"2019-09-30T14:14:37","slug":"sotracom-nuova-fase","status":"publish","type":"post","link":"https:\/\/www.sotracom.fr\/it\/2019\/05\/08\/sotracom-nuova-fase\/","title":{"rendered":"Sotracom entra in una nuova fase"},"content":{"rendered":"<p>&nbsp;<\/p>\n<p>L&#8217;azienda, localizzata a Eteaux, \u00e8 uno dei principali fornitori di servizi di trasporto nel settore delle materie prime in Alta Savoia. \u00c8 stata ricomprata il 3 agosto 2017. La nuova direzione aziendale intende sviluppare le sue attivit\u00e0.<\/p>\n<p><img loading=\"lazy\" decoding=\"async\" class=\"entry-thumb alignright\" title=\"Camion_Sotracom\" src=\"https:\/\/www.ledecolletage.com\/wp-content\/uploads\/2018\/02\/Camion_Sotracom-696x464.jpg\" sizes=\"auto, (max-width: 696px) 100vw, 696px\" srcset=\"https:\/\/www.ledecolletage.com\/wp-content\/uploads\/2018\/02\/Camion_Sotracom-696x464.jpg 696w, https:\/\/www.ledecolletage.com\/wp-content\/uploads\/2018\/02\/Camion_Sotracom-630x420.jpg 630w, https:\/\/www.ledecolletage.com\/wp-content\/uploads\/2018\/02\/Camion_Sotracom.jpg 756w\" alt=\"\" width=\"509\" height=\"339\" \/><img loading=\"lazy\" decoding=\"async\" class=\"wp-image-5823 alignleft\" src=\"https:\/\/www.ledecolletage.com\/wp-content\/uploads\/2018\/02\/Equipe-dirigeante.jpg\" sizes=\"auto, (max-width: 850px) 100vw, 850px\" srcset=\"https:\/\/www.ledecolletage.com\/wp-content\/uploads\/2018\/02\/Equipe-dirigeante.jpg 850w, https:\/\/www.ledecolletage.com\/wp-content\/uploads\/2018\/02\/Equipe-dirigeante-768x512.jpg 768w, https:\/\/www.ledecolletage.com\/wp-content\/uploads\/2018\/02\/Equipe-dirigeante-696x464.jpg 696w, https:\/\/www.ledecolletage.com\/wp-content\/uploads\/2018\/02\/Equipe-dirigeante-630x420.jpg 630w\" alt=\"\" width=\"510\" height=\"340\" \/><\/p>\n<p>&nbsp;<\/p>\n<p>&nbsp;<\/p>\n<p>&nbsp;<\/p>\n<p>&nbsp;<\/p>\n<p>&nbsp;<\/p>\n<p>&nbsp;<\/p>\n<p>&nbsp;<\/p>\n<p>&nbsp;<\/p>\n<p>&nbsp;<\/p>\n<p>&nbsp;<\/p>\n<p>&nbsp;<\/p>\n<p><em>La nuova direzione aziendale con i due amministratori precedenti:<\/em><br \/>\n<em> Da sinistra a destra: Simon Boisier, Franck Weinstoerffer, Brice Delavault, Jean-Pierre Delaplagne, Victor Rodrigues e Thierry Buratti.<\/em><\/p>\n<p>&nbsp;<\/p>\n<p><strong>TRE IMPIEGHI CREATI ENTRO LA FINE DELL&#8217;ANNO?<br \/>\n<\/strong>La nuova direzione aziendale intende sviluppare in modo significativo il giro d&#8217;affari di Sotracom (di circa 5,5 milioni di euro nel 2016), con l&#8217;obiettivo di aumentarlo di un milione di euro entro la fine del 2019. Per questo, l&#8217;impresa dovr\u00e0 impiegare tre nuovi camionisti entro la fine dell&#8217;anno. Gli amministratori precedenti, Jean-Pierre Delaplagne e Simon Boisier, prevedevano da tre anni di venderla in vista del loro pensionamento. &#8220;Siamo felici di passare il testimone e speriamo che l&#8217;impresa continuer\u00e0 il suo sviluppo&#8221;, loro affermano.<\/p>\n<div class=\"td_text_columns_two_cols\">\n<p>Sotracom cambia direzione. Il 3 agosto 2017, il nuovo presidente, Franck Weinstoerffer, e i suoi associati, Thierry Buratti, Victor Rodrigues e Brice Delavault, hanno finalizzato l&#8217;acquisizione. Gli amministratori precedenti, Simon Boisier (63 anni) e Jean-Pierre Delaplagne (61 anni), che crearono Sotracom nel 1994, li hanno accompagnati durante i primi mesi, per una transizione dolce. &#8220;Condividono il loro savoir-faire e la loro conoscenza del settore&#8221;, precisa il nuovo presidente.<\/p>\n<figure id=\"attachment_5824\" class=\"wp-caption alignleft\" style=\"width: 343px;\"><img loading=\"lazy\" decoding=\"async\" class=\"wp-image-5824 \" src=\"https:\/\/www.ledecolletage.com\/wp-content\/uploads\/2018\/02\/Sotracom-activite-chauffeurs.jpg\" sizes=\"auto, (max-width: 850px) 100vw, 850px\" srcset=\"https:\/\/www.ledecolletage.com\/wp-content\/uploads\/2018\/02\/Sotracom-activite-chauffeurs.jpg 850w, https:\/\/www.ledecolletage.com\/wp-content\/uploads\/2018\/02\/Sotracom-activite-chauffeurs-768x512.jpg 768w, https:\/\/www.ledecolletage.com\/wp-content\/uploads\/2018\/02\/Sotracom-activite-chauffeurs-696x464.jpg 696w, https:\/\/www.ledecolletage.com\/wp-content\/uploads\/2018\/02\/Sotracom-activite-chauffeurs-630x420.jpg 630w\" alt=\"\" width=\"343\" height=\"228\" \/><figcaption><\/figcaption><figcaption class=\"wp-caption-text\"><em>Grazie ad un sistema di geolocalizzazione, Sotracom segue in tempo reale il tragitto dei suoi autisti.<\/em><\/figcaption><\/figure>\n<p><strong>Macchine fino a 13 metri e 15 tonnellate<\/strong><br \/>\nI 37 impiegati mantengono i loro posti. Le principali attivit\u00e0 dell&#8217;impresa consistono nel trasporto dell&#8217;acciaio per la realizzazione di minuteria tornita e nel recupero di rifiuti ricondizionati in Italia.<br \/>\n\u00ab <em>Conosciamo il mercato e proveremo di sviluppare i nostri legami con l&#8217;Italia, perch\u00e8 \u00e8 la nostra specialit\u00e0<\/em>\u00bb, aggiunge Franck Weinstoerffer, che lavorava prima per l&#8217;impresa J.-C. Mermet, come i suoi associati. Sotracom \u00e8 anche un attore della minuteria tornita nella regione, perch\u00e9 gestisce il trasporto delle machine.<br \/>\n\u00ab <em>Questo rappresenta tra il 5% e il 10% della nostra attivit\u00e0, afferma Thierry Buratti. Le dimensioni delle macchine possono essere diverse, da un metro cubo fino a 13 metri di lunghezza. In questi casi, le macchine devono essere smontate perch\u00e9 i nostri camion possono contenere una lunghezza massima di 6 metri. Per quanto riguarda il peso, le macchine possono pesare fino a 10-15 tonnellate.<\/em> \u00bb<\/p>\n<p>&nbsp;<\/p>\n<p><strong>Equipaggiamenti di punta<\/strong><br \/>\nSotracom possiede 29 veicoli, fra cui 26 trattori e 3 autocarri, e 33 rimorchi.<br \/>\n\u00ab <em>Abbiamo anche un semirimorchio con pianale mobile, di ultima generazione, precisa il signor Buratti. Ci permette di lavorare in ogni settore: pallet, acciaio, segatura, trucioli.&#8221; La flotta di Sotracom era un aspetto importante dell&#8217;acquisizione.&#8221;Oltre un vero savoir-faire, Sotracom ha equipaggiamenti moderni che non tutti i nostri concorrenti hanno&#8221;, dice il presidente. Il rallentamento del settore del trasporto fin dal 2008 non ha raffreddato gli associati. &#8220;Le attivit\u00e0 riprendono, c&#8217;\u00e8 un miglioramento fin dal 2015, anche se non abbiamo ancora ritrovato il dinamismo del 2007.<\/em> \u00bb<\/p>\n<p>Mathieu Gaillac<\/p>\n<\/div>\n<figure id=\"attachment_5825\" class=\"wp-caption alignnone\" style=\"width: 435px;\"><img loading=\"lazy\" decoding=\"async\" class=\" wp-image-5825\" src=\"https:\/\/www.ledecolletage.com\/wp-content\/uploads\/2018\/02\/Une-machine-decolletage-IEMCA.jpg\" sizes=\"auto, (max-width: 850px) 100vw, 850px\" srcset=\"https:\/\/www.ledecolletage.com\/wp-content\/uploads\/2018\/02\/Une-machine-decolletage-IEMCA.jpg 850w, https:\/\/www.ledecolletage.com\/wp-content\/uploads\/2018\/02\/Une-machine-decolletage-IEMCA-768x512.jpg 768w, https:\/\/www.ledecolletage.com\/wp-content\/uploads\/2018\/02\/Une-machine-decolletage-IEMCA-696x464.jpg 696w, https:\/\/www.ledecolletage.com\/wp-content\/uploads\/2018\/02\/Une-machine-decolletage-IEMCA-630x420.jpg 630w\" alt=\"\" width=\"435\" height=\"290\" \/><figcaption class=\"wp-caption-text\">Una macchina IEMCA per la realizzazione di minuteria tornita<\/figcaption><\/figure>\n<p>&nbsp;<\/p>\n<p>&nbsp;<\/p>\n","protected":false},"excerpt":{"rendered":"<p>&nbsp; L&#8217;azienda, localizzata a Eteaux, \u00e8 uno dei principali fornitori di servizi di trasporto nel settore delle materie prime in Alta Savoia. \u00c8 stata ricomprata il 3 agosto 2017. La nuova direzione aziendale intende sviluppare le sue attivit\u00e0. &nbsp; &nbsp; &nbsp; &nbsp; &nbsp; &nbsp; &nbsp; &nbsp; &nbsp; &nbsp; &nbsp; La nuova direzione aziendale con i [&hellip;]<\/p>\n","protected":false},"author":1,"featured_media":85,"comment_status":"open","ping_status":"open","sticky":false,"template":"","format":"standard","meta":{"footnotes":""},"categories":[3],"tags":[],"class_list":["post-1","post","type-post","status-publish","format-standard","has-post-thumbnail","hentry","category-notizie"],"yoast_head":"<!-- This site is optimized with the Yoast SEO plugin v27.5 - https:\/\/yoast.com\/product\/yoast-seo-wordpress\/ -->\n<title>Sotracom entra in una nuova fase - Sotracom Italia<\/title>\n<meta name=\"robots\" content=\"index, follow, max-snippet:-1, max-image-preview:large, max-video-preview:-1\" \/>\n<link rel=\"canonical\" href=\"https:\/\/www.sotracom.fr\/it\/2019\/05\/08\/sotracom-nuova-fase\/\" \/>\n<meta property=\"og:locale\" content=\"it_IT\" \/>\n<meta property=\"og:type\" content=\"article\" \/>\n<meta property=\"og:title\" content=\"Sotracom entra in una nuova fase - Sotracom Italia\" \/>\n<meta property=\"og:description\" content=\"&nbsp; L&#8217;azienda, localizzata a Eteaux, \u00e8 uno dei principali fornitori di servizi di trasporto nel settore delle materie prime in Alta Savoia. \u00c8 stata ricomprata il 3 agosto 2017. La nuova direzione aziendale intende sviluppare le sue attivit\u00e0. &nbsp; &nbsp; &nbsp; &nbsp; &nbsp; &nbsp; &nbsp; &nbsp; &nbsp; &nbsp; &nbsp; La nuova direzione aziendale con i [&hellip;]\" \/>\n<meta property=\"og:url\" content=\"https:\/\/www.sotracom.fr\/it\/2019\/05\/08\/sotracom-nuova-fase\/\" \/>\n<meta property=\"og:site_name\" content=\"Sotracom Italia\" \/>\n<meta property=\"article:published_time\" content=\"2019-05-08T14:46:25+00:00\" \/>\n<meta property=\"article:modified_time\" content=\"2019-09-30T14:14:37+00:00\" \/>\n<meta property=\"og:image\" content=\"https:\/\/www.sotracom.fr\/it\/wp-content\/uploads\/sites\/2\/2019\/05\/sotracom-74-trasporto-stradale-francia-italia.jpg\" \/>\n\t<meta property=\"og:image:width\" content=\"696\" \/>\n\t<meta property=\"og:image:height\" content=\"464\" \/>\n\t<meta property=\"og:image:type\" content=\"image\/jpeg\" \/>\n<meta name=\"author\" content=\"admSOt77cO4\" \/>\n<meta name=\"twitter:card\" content=\"summary_large_image\" \/>\n<meta name=\"twitter:label1\" content=\"Scritto da\" \/>\n\t<meta name=\"twitter:data1\" content=\"admSOt77cO4\" \/>\n\t<meta name=\"twitter:label2\" content=\"Tempo di lettura stimato\" \/>\n\t<meta name=\"twitter:data2\" content=\"2 minuti\" \/>\n<script type=\"application\/ld+json\" class=\"yoast-schema-graph\">{\"@context\":\"https:\\\/\\\/schema.org\",\"@graph\":[{\"@type\":\"Article\",\"@id\":\"https:\\\/\\\/www.sotracom.fr\\\/it\\\/2019\\\/05\\\/08\\\/sotracom-nuova-fase\\\/#article\",\"isPartOf\":{\"@id\":\"https:\\\/\\\/www.sotracom.fr\\\/it\\\/2019\\\/05\\\/08\\\/sotracom-nuova-fase\\\/\"},\"author\":{\"name\":\"admSOt77cO4\",\"@id\":\"https:\\\/\\\/www.sotracom.fr\\\/it\\\/#\\\/schema\\\/person\\\/b4532f5d73bc576676b5246512ec824e\"},\"headline\":\"Sotracom entra in una nuova fase\",\"datePublished\":\"2019-05-08T14:46:25+00:00\",\"dateModified\":\"2019-09-30T14:14:37+00:00\",\"mainEntityOfPage\":{\"@id\":\"https:\\\/\\\/www.sotracom.fr\\\/it\\\/2019\\\/05\\\/08\\\/sotracom-nuova-fase\\\/\"},\"wordCount\":493,\"commentCount\":0,\"image\":{\"@id\":\"https:\\\/\\\/www.sotracom.fr\\\/it\\\/2019\\\/05\\\/08\\\/sotracom-nuova-fase\\\/#primaryimage\"},\"thumbnailUrl\":\"https:\\\/\\\/www.sotracom.fr\\\/it\\\/wp-content\\\/uploads\\\/sites\\\/2\\\/2019\\\/05\\\/sotracom-74-trasporto-stradale-francia-italia.jpg\",\"articleSection\":[\"Notizie\"],\"inLanguage\":\"it-IT\"},{\"@type\":\"WebPage\",\"@id\":\"https:\\\/\\\/www.sotracom.fr\\\/it\\\/2019\\\/05\\\/08\\\/sotracom-nuova-fase\\\/\",\"url\":\"https:\\\/\\\/www.sotracom.fr\\\/it\\\/2019\\\/05\\\/08\\\/sotracom-nuova-fase\\\/\",\"name\":\"Sotracom entra in una nuova fase - Sotracom Italia\",\"isPartOf\":{\"@id\":\"https:\\\/\\\/www.sotracom.fr\\\/it\\\/#website\"},\"primaryImageOfPage\":{\"@id\":\"https:\\\/\\\/www.sotracom.fr\\\/it\\\/2019\\\/05\\\/08\\\/sotracom-nuova-fase\\\/#primaryimage\"},\"image\":{\"@id\":\"https:\\\/\\\/www.sotracom.fr\\\/it\\\/2019\\\/05\\\/08\\\/sotracom-nuova-fase\\\/#primaryimage\"},\"thumbnailUrl\":\"https:\\\/\\\/www.sotracom.fr\\\/it\\\/wp-content\\\/uploads\\\/sites\\\/2\\\/2019\\\/05\\\/sotracom-74-trasporto-stradale-francia-italia.jpg\",\"datePublished\":\"2019-05-08T14:46:25+00:00\",\"dateModified\":\"2019-09-30T14:14:37+00:00\",\"author\":{\"@id\":\"https:\\\/\\\/www.sotracom.fr\\\/it\\\/#\\\/schema\\\/person\\\/b4532f5d73bc576676b5246512ec824e\"},\"breadcrumb\":{\"@id\":\"https:\\\/\\\/www.sotracom.fr\\\/it\\\/2019\\\/05\\\/08\\\/sotracom-nuova-fase\\\/#breadcrumb\"},\"inLanguage\":\"it-IT\",\"potentialAction\":[{\"@type\":\"ReadAction\",\"target\":[\"https:\\\/\\\/www.sotracom.fr\\\/it\\\/2019\\\/05\\\/08\\\/sotracom-nuova-fase\\\/\"]}]},{\"@type\":\"ImageObject\",\"inLanguage\":\"it-IT\",\"@id\":\"https:\\\/\\\/www.sotracom.fr\\\/it\\\/2019\\\/05\\\/08\\\/sotracom-nuova-fase\\\/#primaryimage\",\"url\":\"https:\\\/\\\/www.sotracom.fr\\\/it\\\/wp-content\\\/uploads\\\/sites\\\/2\\\/2019\\\/05\\\/sotracom-74-trasporto-stradale-francia-italia.jpg\",\"contentUrl\":\"https:\\\/\\\/www.sotracom.fr\\\/it\\\/wp-content\\\/uploads\\\/sites\\\/2\\\/2019\\\/05\\\/sotracom-74-trasporto-stradale-francia-italia.jpg\",\"width\":696,\"height\":464,\"caption\":\"Sotracom Trasporto stradale Francia Italia\"},{\"@type\":\"BreadcrumbList\",\"@id\":\"https:\\\/\\\/www.sotracom.fr\\\/it\\\/2019\\\/05\\\/08\\\/sotracom-nuova-fase\\\/#breadcrumb\",\"itemListElement\":[{\"@type\":\"ListItem\",\"position\":1,\"name\":\"Accueil\",\"item\":\"https:\\\/\\\/www.sotracom.fr\\\/it\\\/\"},{\"@type\":\"ListItem\",\"position\":2,\"name\":\"Sotracom entra in una nuova fase\"}]},{\"@type\":\"WebSite\",\"@id\":\"https:\\\/\\\/www.sotracom.fr\\\/it\\\/#website\",\"url\":\"https:\\\/\\\/www.sotracom.fr\\\/it\\\/\",\"name\":\"Sotracom Italia\",\"description\":\"Un site utilisant Les sites de Sotracom\",\"potentialAction\":[{\"@type\":\"SearchAction\",\"target\":{\"@type\":\"EntryPoint\",\"urlTemplate\":\"https:\\\/\\\/www.sotracom.fr\\\/it\\\/?s={search_term_string}\"},\"query-input\":{\"@type\":\"PropertyValueSpecification\",\"valueRequired\":true,\"valueName\":\"search_term_string\"}}],\"inLanguage\":\"it-IT\"},{\"@type\":\"Person\",\"@id\":\"https:\\\/\\\/www.sotracom.fr\\\/it\\\/#\\\/schema\\\/person\\\/b4532f5d73bc576676b5246512ec824e\",\"name\":\"admSOt77cO4\",\"image\":{\"@type\":\"ImageObject\",\"inLanguage\":\"it-IT\",\"@id\":\"https:\\\/\\\/secure.gravatar.com\\\/avatar\\\/bb3a3f0e036a7edec02f37a99c955d8bdf78a020363b12ab58aa4c28d5afa380?s=96&d=mm&r=g\",\"url\":\"https:\\\/\\\/secure.gravatar.com\\\/avatar\\\/bb3a3f0e036a7edec02f37a99c955d8bdf78a020363b12ab58aa4c28d5afa380?s=96&d=mm&r=g\",\"contentUrl\":\"https:\\\/\\\/secure.gravatar.com\\\/avatar\\\/bb3a3f0e036a7edec02f37a99c955d8bdf78a020363b12ab58aa4c28d5afa380?s=96&d=mm&r=g\",\"caption\":\"admSOt77cO4\"}}]}<\/script>\n<!-- \/ Yoast SEO plugin. -->","yoast_head_json":{"title":"Sotracom entra in una nuova fase - Sotracom Italia","robots":{"index":"index","follow":"follow","max-snippet":"max-snippet:-1","max-image-preview":"max-image-preview:large","max-video-preview":"max-video-preview:-1"},"canonical":"https:\/\/www.sotracom.fr\/it\/2019\/05\/08\/sotracom-nuova-fase\/","og_locale":"it_IT","og_type":"article","og_title":"Sotracom entra in una nuova fase - Sotracom Italia","og_description":"&nbsp; L&#8217;azienda, localizzata a Eteaux, \u00e8 uno dei principali fornitori di servizi di trasporto nel settore delle materie prime in Alta Savoia. \u00c8 stata ricomprata il 3 agosto 2017. La nuova direzione aziendale intende sviluppare le sue attivit\u00e0. &nbsp; &nbsp; &nbsp; &nbsp; &nbsp; &nbsp; &nbsp; &nbsp; &nbsp; &nbsp; &nbsp; La nuova direzione aziendale con i [&hellip;]","og_url":"https:\/\/www.sotracom.fr\/it\/2019\/05\/08\/sotracom-nuova-fase\/","og_site_name":"Sotracom Italia","article_published_time":"2019-05-08T14:46:25+00:00","article_modified_time":"2019-09-30T14:14:37+00:00","og_image":[{"width":696,"height":464,"url":"https:\/\/www.sotracom.fr\/it\/wp-content\/uploads\/sites\/2\/2019\/05\/sotracom-74-trasporto-stradale-francia-italia.jpg","type":"image\/jpeg"}],"author":"admSOt77cO4","twitter_card":"summary_large_image","twitter_misc":{"Scritto da":"admSOt77cO4","Tempo di lettura stimato":"2 minuti"},"schema":{"@context":"https:\/\/schema.org","@graph":[{"@type":"Article","@id":"https:\/\/www.sotracom.fr\/it\/2019\/05\/08\/sotracom-nuova-fase\/#article","isPartOf":{"@id":"https:\/\/www.sotracom.fr\/it\/2019\/05\/08\/sotracom-nuova-fase\/"},"author":{"name":"admSOt77cO4","@id":"https:\/\/www.sotracom.fr\/it\/#\/schema\/person\/b4532f5d73bc576676b5246512ec824e"},"headline":"Sotracom entra in una nuova fase","datePublished":"2019-05-08T14:46:25+00:00","dateModified":"2019-09-30T14:14:37+00:00","mainEntityOfPage":{"@id":"https:\/\/www.sotracom.fr\/it\/2019\/05\/08\/sotracom-nuova-fase\/"},"wordCount":493,"commentCount":0,"image":{"@id":"https:\/\/www.sotracom.fr\/it\/2019\/05\/08\/sotracom-nuova-fase\/#primaryimage"},"thumbnailUrl":"https:\/\/www.sotracom.fr\/it\/wp-content\/uploads\/sites\/2\/2019\/05\/sotracom-74-trasporto-stradale-francia-italia.jpg","articleSection":["Notizie"],"inLanguage":"it-IT"},{"@type":"WebPage","@id":"https:\/\/www.sotracom.fr\/it\/2019\/05\/08\/sotracom-nuova-fase\/","url":"https:\/\/www.sotracom.fr\/it\/2019\/05\/08\/sotracom-nuova-fase\/","name":"Sotracom entra in una nuova fase - Sotracom Italia","isPartOf":{"@id":"https:\/\/www.sotracom.fr\/it\/#website"},"primaryImageOfPage":{"@id":"https:\/\/www.sotracom.fr\/it\/2019\/05\/08\/sotracom-nuova-fase\/#primaryimage"},"image":{"@id":"https:\/\/www.sotracom.fr\/it\/2019\/05\/08\/sotracom-nuova-fase\/#primaryimage"},"thumbnailUrl":"https:\/\/www.sotracom.fr\/it\/wp-content\/uploads\/sites\/2\/2019\/05\/sotracom-74-trasporto-stradale-francia-italia.jpg","datePublished":"2019-05-08T14:46:25+00:00","dateModified":"2019-09-30T14:14:37+00:00","author":{"@id":"https:\/\/www.sotracom.fr\/it\/#\/schema\/person\/b4532f5d73bc576676b5246512ec824e"},"breadcrumb":{"@id":"https:\/\/www.sotracom.fr\/it\/2019\/05\/08\/sotracom-nuova-fase\/#breadcrumb"},"inLanguage":"it-IT","potentialAction":[{"@type":"ReadAction","target":["https:\/\/www.sotracom.fr\/it\/2019\/05\/08\/sotracom-nuova-fase\/"]}]},{"@type":"ImageObject","inLanguage":"it-IT","@id":"https:\/\/www.sotracom.fr\/it\/2019\/05\/08\/sotracom-nuova-fase\/#primaryimage","url":"https:\/\/www.sotracom.fr\/it\/wp-content\/uploads\/sites\/2\/2019\/05\/sotracom-74-trasporto-stradale-francia-italia.jpg","contentUrl":"https:\/\/www.sotracom.fr\/it\/wp-content\/uploads\/sites\/2\/2019\/05\/sotracom-74-trasporto-stradale-francia-italia.jpg","width":696,"height":464,"caption":"Sotracom Trasporto stradale Francia Italia"},{"@type":"BreadcrumbList","@id":"https:\/\/www.sotracom.fr\/it\/2019\/05\/08\/sotracom-nuova-fase\/#breadcrumb","itemListElement":[{"@type":"ListItem","position":1,"name":"Accueil","item":"https:\/\/www.sotracom.fr\/it\/"},{"@type":"ListItem","position":2,"name":"Sotracom entra in una nuova fase"}]},{"@type":"WebSite","@id":"https:\/\/www.sotracom.fr\/it\/#website","url":"https:\/\/www.sotracom.fr\/it\/","name":"Sotracom Italia","description":"Un site utilisant Les sites de Sotracom","potentialAction":[{"@type":"SearchAction","target":{"@type":"EntryPoint","urlTemplate":"https:\/\/www.sotracom.fr\/it\/?s={search_term_string}"},"query-input":{"@type":"PropertyValueSpecification","valueRequired":true,"valueName":"search_term_string"}}],"inLanguage":"it-IT"},{"@type":"Person","@id":"https:\/\/www.sotracom.fr\/it\/#\/schema\/person\/b4532f5d73bc576676b5246512ec824e","name":"admSOt77cO4","image":{"@type":"ImageObject","inLanguage":"it-IT","@id":"https:\/\/secure.gravatar.com\/avatar\/bb3a3f0e036a7edec02f37a99c955d8bdf78a020363b12ab58aa4c28d5afa380?s=96&d=mm&r=g","url":"https:\/\/secure.gravatar.com\/avatar\/bb3a3f0e036a7edec02f37a99c955d8bdf78a020363b12ab58aa4c28d5afa380?s=96&d=mm&r=g","contentUrl":"https:\/\/secure.gravatar.com\/avatar\/bb3a3f0e036a7edec02f37a99c955d8bdf78a020363b12ab58aa4c28d5afa380?s=96&d=mm&r=g","caption":"admSOt77cO4"}}]}},"_links":{"self":[{"href":"https:\/\/www.sotracom.fr\/it\/wp-json\/wp\/v2\/posts\/1","targetHints":{"allow":["GET"]}}],"collection":[{"href":"https:\/\/www.sotracom.fr\/it\/wp-json\/wp\/v2\/posts"}],"about":[{"href":"https:\/\/www.sotracom.fr\/it\/wp-json\/wp\/v2\/types\/post"}],"author":[{"embeddable":true,"href":"https:\/\/www.sotracom.fr\/it\/wp-json\/wp\/v2\/users\/1"}],"replies":[{"embeddable":true,"href":"https:\/\/www.sotracom.fr\/it\/wp-json\/wp\/v2\/comments?post=1"}],"version-history":[{"count":2,"href":"https:\/\/www.sotracom.fr\/it\/wp-json\/wp\/v2\/posts\/1\/revisions"}],"predecessor-version":[{"id":88,"href":"https:\/\/www.sotracom.fr\/it\/wp-json\/wp\/v2\/posts\/1\/revisions\/88"}],"wp:featuredmedia":[{"embeddable":true,"href":"https:\/\/www.sotracom.fr\/it\/wp-json\/wp\/v2\/media\/85"}],"wp:attachment":[{"href":"https:\/\/www.sotracom.fr\/it\/wp-json\/wp\/v2\/media?parent=1"}],"wp:term":[{"taxonomy":"category","embeddable":true,"href":"https:\/\/www.sotracom.fr\/it\/wp-json\/wp\/v2\/categories?post=1"},{"taxonomy":"post_tag","embeddable":true,"href":"https:\/\/www.sotracom.fr\/it\/wp-json\/wp\/v2\/tags?post=1"}],"curies":[{"name":"wp","href":"https:\/\/api.w.org\/{rel}","templated":true}]}}