{"id":1476,"date":"2025-12-12T10:15:52","date_gmt":"2025-12-12T09:15:52","guid":{"rendered":"https:\/\/www.sotracom.fr\/it\/?p=1476"},"modified":"2026-02-03T11:38:26","modified_gmt":"2026-02-03T10:38:26","slug":"nuovo-trattore-sotracom","status":"publish","type":"post","link":"https:\/\/www.sotracom.fr\/it\/2025\/12\/12\/nuovo-trattore-sotracom\/","title":{"rendered":"Nuovo trattore Sotracom"},"content":{"rendered":"<section class=\"wpb-content-wrapper\"><p>[vc_row css=&#8221;.vc_custom_1765530693243{margin-top: 25px !important;}&#8221;][vc_column width=&#8221;1\/2&#8243;][vc_column_text]Il nuovo trattore SOTRACOM, con la sua cabina dal design aerodinamico, \u00e8 stato concepito per risparmiare energia e ridurre l&#8217;impronta di carbonio.<\/p>\n<p>Il suo design aerodinamico garantisce una guida piacevole anche ad alte velocit\u00e0 e una visibilit\u00e0 ottimale per il conducente.<\/p>\n<p>Questo veicolo \u00e8 equipaggiato per ridurre il consumo di carburante durante le operazioni di trasporto a lunga distanza, mantenendo al contempo un&#8217;eccellente trazione. La tecnologia ottimizza velocit\u00e0, cambi di marcia e veleggiamento durante tutto il viaggio.<\/p>\n<p>E, oltre a ci\u00f2, offre un&#8217;esperienza di guida superba con una maneggevolezza migliorata. Pi\u00f9 coppia, regimi pi\u00f9 bassi e un gruppo propulsore pi\u00f9 silenzioso: vantaggi apprezzati dalla maggior parte degli automobilisti.[\/vc_column_text][vc_single_image image=&#8221;1492&#8243; img_size=&#8221;full&#8221; alignment=&#8221;center&#8221;][\/vc_column][vc_column width=&#8221;1\/2&#8243;][vc_single_image image=&#8221;1479&#8243; img_size=&#8221;full&#8221; alignment=&#8221;center&#8221;][\/vc_column][\/vc_row]<\/p>\n<\/section>","protected":false},"excerpt":{"rendered":"<p>Nuovo trattore SOTRACOM, con la sua cabina dal design aerodinamico.<\/p>\n","protected":false},"author":1,"featured_media":1480,"comment_status":"closed","ping_status":"closed","sticky":false,"template":"","format":"standard","meta":{"footnotes":""},"categories":[3],"tags":[],"class_list":["post-1476","post","type-post","status-publish","format-standard","has-post-thumbnail","hentry","category-notizie"],"yoast_head":"<!-- This site is optimized with the Yoast SEO plugin v27.5 - https:\/\/yoast.com\/product\/yoast-seo-wordpress\/ -->\n<title>Nuovo trattore Sotracom - Sotracom Italia<\/title>\n<meta name=\"robots\" content=\"index, follow, max-snippet:-1, max-image-preview:large, max-video-preview:-1\" \/>\n<link rel=\"canonical\" href=\"https:\/\/www.sotracom.fr\/it\/2025\/12\/12\/nuovo-trattore-sotracom\/\" \/>\n<meta property=\"og:locale\" content=\"it_IT\" \/>\n<meta property=\"og:type\" content=\"article\" \/>\n<meta property=\"og:title\" content=\"Nuovo trattore Sotracom - Sotracom Italia\" \/>\n<meta property=\"og:description\" content=\"Nuovo trattore SOTRACOM, con la sua cabina dal design aerodinamico.\" \/>\n<meta property=\"og:url\" content=\"https:\/\/www.sotracom.fr\/it\/2025\/12\/12\/nuovo-trattore-sotracom\/\" \/>\n<meta property=\"og:site_name\" content=\"Sotracom Italia\" \/>\n<meta property=\"article:published_time\" content=\"2025-12-12T09:15:52+00:00\" \/>\n<meta property=\"article:modified_time\" content=\"2026-02-03T10:38:26+00:00\" \/>\n<meta property=\"og:image\" content=\"https:\/\/www.sotracom.fr\/it\/wp-content\/uploads\/sites\/2\/2025\/12\/trasporto-su-strada-francia-italia-svizzera.jpg\" \/>\n\t<meta property=\"og:image:width\" content=\"600\" \/>\n\t<meta property=\"og:image:height\" content=\"600\" \/>\n\t<meta property=\"og:image:type\" content=\"image\/jpeg\" \/>\n<meta name=\"author\" content=\"admSOt77cO4\" \/>\n<meta name=\"twitter:card\" content=\"summary_large_image\" \/>\n<meta name=\"twitter:label1\" content=\"Scritto da\" \/>\n\t<meta name=\"twitter:data1\" content=\"admSOt77cO4\" \/>\n\t<meta name=\"twitter:label2\" content=\"Tempo di lettura stimato\" \/>\n\t<meta name=\"twitter:data2\" content=\"1 minuto\" \/>\n<script type=\"application\/ld+json\" class=\"yoast-schema-graph\">{\"@context\":\"https:\\\/\\\/schema.org\",\"@graph\":[{\"@type\":\"Article\",\"@id\":\"https:\\\/\\\/www.sotracom.fr\\\/it\\\/2025\\\/12\\\/12\\\/nuovo-trattore-sotracom\\\/#article\",\"isPartOf\":{\"@id\":\"https:\\\/\\\/www.sotracom.fr\\\/it\\\/2025\\\/12\\\/12\\\/nuovo-trattore-sotracom\\\/\"},\"author\":{\"name\":\"admSOt77cO4\",\"@id\":\"https:\\\/\\\/www.sotracom.fr\\\/it\\\/#\\\/schema\\\/person\\\/b4532f5d73bc576676b5246512ec824e\"},\"headline\":\"Nuovo trattore Sotracom\",\"datePublished\":\"2025-12-12T09:15:52+00:00\",\"dateModified\":\"2026-02-03T10:38:26+00:00\",\"mainEntityOfPage\":{\"@id\":\"https:\\\/\\\/www.sotracom.fr\\\/it\\\/2025\\\/12\\\/12\\\/nuovo-trattore-sotracom\\\/\"},\"wordCount\":153,\"image\":{\"@id\":\"https:\\\/\\\/www.sotracom.fr\\\/it\\\/2025\\\/12\\\/12\\\/nuovo-trattore-sotracom\\\/#primaryimage\"},\"thumbnailUrl\":\"https:\\\/\\\/www.sotracom.fr\\\/it\\\/wp-content\\\/uploads\\\/sites\\\/2\\\/2025\\\/12\\\/trasporto-su-strada-francia-italia-svizzera.jpg\",\"articleSection\":[\"Notizie\"],\"inLanguage\":\"it-IT\"},{\"@type\":\"WebPage\",\"@id\":\"https:\\\/\\\/www.sotracom.fr\\\/it\\\/2025\\\/12\\\/12\\\/nuovo-trattore-sotracom\\\/\",\"url\":\"https:\\\/\\\/www.sotracom.fr\\\/it\\\/2025\\\/12\\\/12\\\/nuovo-trattore-sotracom\\\/\",\"name\":\"Nuovo trattore Sotracom - Sotracom Italia\",\"isPartOf\":{\"@id\":\"https:\\\/\\\/www.sotracom.fr\\\/it\\\/#website\"},\"primaryImageOfPage\":{\"@id\":\"https:\\\/\\\/www.sotracom.fr\\\/it\\\/2025\\\/12\\\/12\\\/nuovo-trattore-sotracom\\\/#primaryimage\"},\"image\":{\"@id\":\"https:\\\/\\\/www.sotracom.fr\\\/it\\\/2025\\\/12\\\/12\\\/nuovo-trattore-sotracom\\\/#primaryimage\"},\"thumbnailUrl\":\"https:\\\/\\\/www.sotracom.fr\\\/it\\\/wp-content\\\/uploads\\\/sites\\\/2\\\/2025\\\/12\\\/trasporto-su-strada-francia-italia-svizzera.jpg\",\"datePublished\":\"2025-12-12T09:15:52+00:00\",\"dateModified\":\"2026-02-03T10:38:26+00:00\",\"author\":{\"@id\":\"https:\\\/\\\/www.sotracom.fr\\\/it\\\/#\\\/schema\\\/person\\\/b4532f5d73bc576676b5246512ec824e\"},\"breadcrumb\":{\"@id\":\"https:\\\/\\\/www.sotracom.fr\\\/it\\\/2025\\\/12\\\/12\\\/nuovo-trattore-sotracom\\\/#breadcrumb\"},\"inLanguage\":\"it-IT\",\"potentialAction\":[{\"@type\":\"ReadAction\",\"target\":[\"https:\\\/\\\/www.sotracom.fr\\\/it\\\/2025\\\/12\\\/12\\\/nuovo-trattore-sotracom\\\/\"]}]},{\"@type\":\"ImageObject\",\"inLanguage\":\"it-IT\",\"@id\":\"https:\\\/\\\/www.sotracom.fr\\\/it\\\/2025\\\/12\\\/12\\\/nuovo-trattore-sotracom\\\/#primaryimage\",\"url\":\"https:\\\/\\\/www.sotracom.fr\\\/it\\\/wp-content\\\/uploads\\\/sites\\\/2\\\/2025\\\/12\\\/trasporto-su-strada-francia-italia-svizzera.jpg\",\"contentUrl\":\"https:\\\/\\\/www.sotracom.fr\\\/it\\\/wp-content\\\/uploads\\\/sites\\\/2\\\/2025\\\/12\\\/trasporto-su-strada-francia-italia-svizzera.jpg\",\"width\":600,\"height\":600},{\"@type\":\"BreadcrumbList\",\"@id\":\"https:\\\/\\\/www.sotracom.fr\\\/it\\\/2025\\\/12\\\/12\\\/nuovo-trattore-sotracom\\\/#breadcrumb\",\"itemListElement\":[{\"@type\":\"ListItem\",\"position\":1,\"name\":\"Accueil\",\"item\":\"https:\\\/\\\/www.sotracom.fr\\\/it\\\/\"},{\"@type\":\"ListItem\",\"position\":2,\"name\":\"Nuovo trattore Sotracom\"}]},{\"@type\":\"WebSite\",\"@id\":\"https:\\\/\\\/www.sotracom.fr\\\/it\\\/#website\",\"url\":\"https:\\\/\\\/www.sotracom.fr\\\/it\\\/\",\"name\":\"Sotracom Italia\",\"description\":\"Un site utilisant Les sites de Sotracom\",\"potentialAction\":[{\"@type\":\"SearchAction\",\"target\":{\"@type\":\"EntryPoint\",\"urlTemplate\":\"https:\\\/\\\/www.sotracom.fr\\\/it\\\/?s={search_term_string}\"},\"query-input\":{\"@type\":\"PropertyValueSpecification\",\"valueRequired\":true,\"valueName\":\"search_term_string\"}}],\"inLanguage\":\"it-IT\"},{\"@type\":\"Person\",\"@id\":\"https:\\\/\\\/www.sotracom.fr\\\/it\\\/#\\\/schema\\\/person\\\/b4532f5d73bc576676b5246512ec824e\",\"name\":\"admSOt77cO4\",\"image\":{\"@type\":\"ImageObject\",\"inLanguage\":\"it-IT\",\"@id\":\"https:\\\/\\\/secure.gravatar.com\\\/avatar\\\/bb3a3f0e036a7edec02f37a99c955d8bdf78a020363b12ab58aa4c28d5afa380?s=96&d=mm&r=g\",\"url\":\"https:\\\/\\\/secure.gravatar.com\\\/avatar\\\/bb3a3f0e036a7edec02f37a99c955d8bdf78a020363b12ab58aa4c28d5afa380?s=96&d=mm&r=g\",\"contentUrl\":\"https:\\\/\\\/secure.gravatar.com\\\/avatar\\\/bb3a3f0e036a7edec02f37a99c955d8bdf78a020363b12ab58aa4c28d5afa380?s=96&d=mm&r=g\",\"caption\":\"admSOt77cO4\"}}]}<\/script>\n<!-- \/ Yoast SEO plugin. -->","yoast_head_json":{"title":"Nuovo trattore Sotracom - Sotracom Italia","robots":{"index":"index","follow":"follow","max-snippet":"max-snippet:-1","max-image-preview":"max-image-preview:large","max-video-preview":"max-video-preview:-1"},"canonical":"https:\/\/www.sotracom.fr\/it\/2025\/12\/12\/nuovo-trattore-sotracom\/","og_locale":"it_IT","og_type":"article","og_title":"Nuovo trattore Sotracom - Sotracom Italia","og_description":"Nuovo trattore SOTRACOM, con la sua cabina dal design aerodinamico.","og_url":"https:\/\/www.sotracom.fr\/it\/2025\/12\/12\/nuovo-trattore-sotracom\/","og_site_name":"Sotracom Italia","article_published_time":"2025-12-12T09:15:52+00:00","article_modified_time":"2026-02-03T10:38:26+00:00","og_image":[{"width":600,"height":600,"url":"https:\/\/www.sotracom.fr\/it\/wp-content\/uploads\/sites\/2\/2025\/12\/trasporto-su-strada-francia-italia-svizzera.jpg","type":"image\/jpeg"}],"author":"admSOt77cO4","twitter_card":"summary_large_image","twitter_misc":{"Scritto da":"admSOt77cO4","Tempo di lettura stimato":"1 minuto"},"schema":{"@context":"https:\/\/schema.org","@graph":[{"@type":"Article","@id":"https:\/\/www.sotracom.fr\/it\/2025\/12\/12\/nuovo-trattore-sotracom\/#article","isPartOf":{"@id":"https:\/\/www.sotracom.fr\/it\/2025\/12\/12\/nuovo-trattore-sotracom\/"},"author":{"name":"admSOt77cO4","@id":"https:\/\/www.sotracom.fr\/it\/#\/schema\/person\/b4532f5d73bc576676b5246512ec824e"},"headline":"Nuovo trattore Sotracom","datePublished":"2025-12-12T09:15:52+00:00","dateModified":"2026-02-03T10:38:26+00:00","mainEntityOfPage":{"@id":"https:\/\/www.sotracom.fr\/it\/2025\/12\/12\/nuovo-trattore-sotracom\/"},"wordCount":153,"image":{"@id":"https:\/\/www.sotracom.fr\/it\/2025\/12\/12\/nuovo-trattore-sotracom\/#primaryimage"},"thumbnailUrl":"https:\/\/www.sotracom.fr\/it\/wp-content\/uploads\/sites\/2\/2025\/12\/trasporto-su-strada-francia-italia-svizzera.jpg","articleSection":["Notizie"],"inLanguage":"it-IT"},{"@type":"WebPage","@id":"https:\/\/www.sotracom.fr\/it\/2025\/12\/12\/nuovo-trattore-sotracom\/","url":"https:\/\/www.sotracom.fr\/it\/2025\/12\/12\/nuovo-trattore-sotracom\/","name":"Nuovo trattore Sotracom - Sotracom Italia","isPartOf":{"@id":"https:\/\/www.sotracom.fr\/it\/#website"},"primaryImageOfPage":{"@id":"https:\/\/www.sotracom.fr\/it\/2025\/12\/12\/nuovo-trattore-sotracom\/#primaryimage"},"image":{"@id":"https:\/\/www.sotracom.fr\/it\/2025\/12\/12\/nuovo-trattore-sotracom\/#primaryimage"},"thumbnailUrl":"https:\/\/www.sotracom.fr\/it\/wp-content\/uploads\/sites\/2\/2025\/12\/trasporto-su-strada-francia-italia-svizzera.jpg","datePublished":"2025-12-12T09:15:52+00:00","dateModified":"2026-02-03T10:38:26+00:00","author":{"@id":"https:\/\/www.sotracom.fr\/it\/#\/schema\/person\/b4532f5d73bc576676b5246512ec824e"},"breadcrumb":{"@id":"https:\/\/www.sotracom.fr\/it\/2025\/12\/12\/nuovo-trattore-sotracom\/#breadcrumb"},"inLanguage":"it-IT","potentialAction":[{"@type":"ReadAction","target":["https:\/\/www.sotracom.fr\/it\/2025\/12\/12\/nuovo-trattore-sotracom\/"]}]},{"@type":"ImageObject","inLanguage":"it-IT","@id":"https:\/\/www.sotracom.fr\/it\/2025\/12\/12\/nuovo-trattore-sotracom\/#primaryimage","url":"https:\/\/www.sotracom.fr\/it\/wp-content\/uploads\/sites\/2\/2025\/12\/trasporto-su-strada-francia-italia-svizzera.jpg","contentUrl":"https:\/\/www.sotracom.fr\/it\/wp-content\/uploads\/sites\/2\/2025\/12\/trasporto-su-strada-francia-italia-svizzera.jpg","width":600,"height":600},{"@type":"BreadcrumbList","@id":"https:\/\/www.sotracom.fr\/it\/2025\/12\/12\/nuovo-trattore-sotracom\/#breadcrumb","itemListElement":[{"@type":"ListItem","position":1,"name":"Accueil","item":"https:\/\/www.sotracom.fr\/it\/"},{"@type":"ListItem","position":2,"name":"Nuovo trattore Sotracom"}]},{"@type":"WebSite","@id":"https:\/\/www.sotracom.fr\/it\/#website","url":"https:\/\/www.sotracom.fr\/it\/","name":"Sotracom Italia","description":"Un site utilisant Les sites de Sotracom","potentialAction":[{"@type":"SearchAction","target":{"@type":"EntryPoint","urlTemplate":"https:\/\/www.sotracom.fr\/it\/?s={search_term_string}"},"query-input":{"@type":"PropertyValueSpecification","valueRequired":true,"valueName":"search_term_string"}}],"inLanguage":"it-IT"},{"@type":"Person","@id":"https:\/\/www.sotracom.fr\/it\/#\/schema\/person\/b4532f5d73bc576676b5246512ec824e","name":"admSOt77cO4","image":{"@type":"ImageObject","inLanguage":"it-IT","@id":"https:\/\/secure.gravatar.com\/avatar\/bb3a3f0e036a7edec02f37a99c955d8bdf78a020363b12ab58aa4c28d5afa380?s=96&d=mm&r=g","url":"https:\/\/secure.gravatar.com\/avatar\/bb3a3f0e036a7edec02f37a99c955d8bdf78a020363b12ab58aa4c28d5afa380?s=96&d=mm&r=g","contentUrl":"https:\/\/secure.gravatar.com\/avatar\/bb3a3f0e036a7edec02f37a99c955d8bdf78a020363b12ab58aa4c28d5afa380?s=96&d=mm&r=g","caption":"admSOt77cO4"}}]}},"_links":{"self":[{"href":"https:\/\/www.sotracom.fr\/it\/wp-json\/wp\/v2\/posts\/1476","targetHints":{"allow":["GET"]}}],"collection":[{"href":"https:\/\/www.sotracom.fr\/it\/wp-json\/wp\/v2\/posts"}],"about":[{"href":"https:\/\/www.sotracom.fr\/it\/wp-json\/wp\/v2\/types\/post"}],"author":[{"embeddable":true,"href":"https:\/\/www.sotracom.fr\/it\/wp-json\/wp\/v2\/users\/1"}],"replies":[{"embeddable":true,"href":"https:\/\/www.sotracom.fr\/it\/wp-json\/wp\/v2\/comments?post=1476"}],"version-history":[{"count":6,"href":"https:\/\/www.sotracom.fr\/it\/wp-json\/wp\/v2\/posts\/1476\/revisions"}],"predecessor-version":[{"id":1493,"href":"https:\/\/www.sotracom.fr\/it\/wp-json\/wp\/v2\/posts\/1476\/revisions\/1493"}],"wp:featuredmedia":[{"embeddable":true,"href":"https:\/\/www.sotracom.fr\/it\/wp-json\/wp\/v2\/media\/1480"}],"wp:attachment":[{"href":"https:\/\/www.sotracom.fr\/it\/wp-json\/wp\/v2\/media?parent=1476"}],"wp:term":[{"taxonomy":"category","embeddable":true,"href":"https:\/\/www.sotracom.fr\/it\/wp-json\/wp\/v2\/categories?post=1476"},{"taxonomy":"post_tag","embeddable":true,"href":"https:\/\/www.sotracom.fr\/it\/wp-json\/wp\/v2\/tags?post=1476"}],"curies":[{"name":"wp","href":"https:\/\/api.w.org\/{rel}","templated":true}]}}